{"id":41,"date":"2004-04-02T10:02:30","date_gmt":"2004-04-02T10:02:30","guid":{"rendered":"http:\/\/www.ncprotection.com\/?p=41"},"modified":"2011-05-12T10:02:59","modified_gmt":"2011-05-12T10:02:59","slug":"tv-pirater-i-smaland-haktade-idag","status":"publish","type":"post","link":"https:\/\/www.ncprotection.com\/index.php\/2004\/04\/02\/tv-pirater-i-smaland-haktade-idag\/","title":{"rendered":"TV-pirater i Sm\u00e5land h\u00e4ktade idag"},"content":{"rendered":"<p>En 35-\u00e5rig TV-\u00e5terf\u00f6rs\u00e4ljare och en av dennes anst\u00e4llda h\u00e4ktades i dag i V\u00e4rnamo tingsr\u00e4tt misst\u00e4nkta f\u00f6r brott<br \/>\nmot den s\u00e5 kallade dekoderlagen.<\/p>\n<p>De har s\u00e5lt piratkort f\u00f6r digital-TV-dekodrar.<\/p>\n<p>H\u00e4ktningen f\u00f6regicks av husrannsakan p\u00e5 tre platser d\u00e4r ett antal datorer och piratkort beslagtogs.<\/p>\n<p>\u2013 Det h\u00e4r \u00e4r den kraftigaste signalen hittills fr\u00e5n en domstol. H\u00e4ktningen visar hur allvarligt samh\u00e4llet ser p\u00e5 f\u00f6rs\u00e4ljning av piratkort. Det som g\u00f6r att det \u00e4r speciellt med det h\u00e4r fallet \u00e4r att det handlar om TV-handlare. \u00c5terf\u00f6rs\u00e4ljaren har s\u00e5lt piratkort i butiken. F\u00f6r oss \u00e4r det<br \/>\n\u00e4r extra allvarligt n\u00e4r n\u00e5gon som verkar i TV-branschen<br \/>\n\u00e4r involverad i piratverksamhet, s\u00e4ger Urban Olsson, s\u00e4kerhetsansvarig p\u00e5 branschforumet STOP och till\u00e4gger:<\/p>\n<p>\u2013 Det h\u00e4r s\u00e4nder en vikigt budskap till alla andra som sysslar med piratf\u00f6rs\u00e4ljning. N\u00e4r de inser att de kan frihetsber\u00f6vas t\u00e4nker de sig nog f\u00f6r en g\u00e5ng till innan de s\u00e4ljer ett piratkort.<\/p>\n<p>Polisen i det aktuella samh\u00e4llet i Sm\u00e5land hade tipsats om att piratf\u00f6rs\u00e4ljning p\u00e5gick hos TV-handlaren. I tisdags gjordes husrannsakan p\u00e5 tre platser, d\u00e4ribland i butiken. F\u00f6rutom att datorer och piratkort beslagtogs anh\u00f6lls \u00e5terf\u00f6rs\u00e4ljaren och en anst\u00e4lld.<\/p>\n<p>V\u00e4rmamo tingsr\u00e4tt h\u00e4ktade dem idag f\u00f6r brott mot lagen om f\u00f6rbud betr\u00e4ffande viss avkodningsutrustning, den s\u00e5 kallade dekoderlagen.<\/p>\n<p>\u2013 De egentliga vinnarna p\u00e5 att samh\u00e4llet ser allt h\u00e5rdare p\u00e5 piratverksamheten \u00e4r TV-tittarna eftersom piratint\u00e4kter inte annat \u00e4r en ren st\u00f6ld av medel fr\u00e5n TV-kanaler, operat\u00f6rer och upphovsr\u00e4ttsinnehavare, s\u00e4ger sk\u00e5despelaren Tomas Bolme, ordf\u00f6rande i STOP och till\u00e4gger:<\/p>\n<p>\u2013 H\u00e4ktningen b\u00f6r h\u00e4mma f\u00f6rs\u00e4ljningen av piratkort men f\u00f6r att verkligen komma \u00e5t denna st\u00f6ld m\u00e5ste lagen \u00e4ndras s\u00e5 att \u00e4ven innehav av piratkort blir olagligt.<\/p>\n<p>Sverige \u00e4r ett av de f\u00e5 l\u00e4nder i Europa som inte kriminaliserat sj\u00e4lva innehavet av piratkort, bara f\u00f6rs\u00e4ljningen av dem. TV-piraterna orsakar int\u00e4ktsbortfall p\u00e5 hundratals miljoner, pengar som r\u00e4tteligen borde g\u00e5 till r\u00e4ttighetsinnehavare s\u00e5som sk\u00e5despelare och producenter samt TV-kanaler och operat\u00f6rer.<\/p>\n","protected":false},"excerpt":{"rendered":"<p>En 35-\u00e5rig TV-\u00e5terf\u00f6rs\u00e4ljare och en av dennes anst\u00e4llda h\u00e4ktades i dag i V\u00e4rnamo tingsr\u00e4tt misst\u00e4nkta f\u00f6r brott mot den s\u00e5 kallade dekoderlagen. De har s\u00e5lt piratkort f\u00f6r digital-TV-dekodrar. H\u00e4ktningen f\u00f6regicks av husrannsakan p\u00e5 tre platser d\u00e4r ett antal datorer och piratkort beslagtogs. \u2013 Det h\u00e4r \u00e4r den kraftigaste signalen hittills fr\u00e5n en domstol. H\u00e4ktningen visar&hellip;<\/p>\n","protected":false},"author":1,"featured_media":0,"comment_status":"closed","ping_status":"closed","sticky":false,"template":"","format":"standard","meta":{"footnotes":""},"categories":[5],"tags":[],"post_series":[],"class_list":["post-41","post","type-post","status-publish","format-standard","hentry","category-sweden","entry","no-media"],"_links":{"self":[{"href":"https:\/\/www.ncprotection.com\/index.php\/wp-json\/wp\/v2\/posts\/41","targetHints":{"allow":["GET"]}}],"collection":[{"href":"https:\/\/www.ncprotection.com\/index.php\/wp-json\/wp\/v2\/posts"}],"about":[{"href":"https:\/\/www.ncprotection.com\/index.php\/wp-json\/wp\/v2\/types\/post"}],"author":[{"embeddable":true,"href":"https:\/\/www.ncprotection.com\/index.php\/wp-json\/wp\/v2\/users\/1"}],"replies":[{"embeddable":true,"href":"https:\/\/www.ncprotection.com\/index.php\/wp-json\/wp\/v2\/comments?post=41"}],"version-history":[{"count":1,"href":"https:\/\/www.ncprotection.com\/index.php\/wp-json\/wp\/v2\/posts\/41\/revisions"}],"predecessor-version":[{"id":42,"href":"https:\/\/www.ncprotection.com\/index.php\/wp-json\/wp\/v2\/posts\/41\/revisions\/42"}],"wp:attachment":[{"href":"https:\/\/www.ncprotection.com\/index.php\/wp-json\/wp\/v2\/media?parent=41"}],"wp:term":[{"taxonomy":"category","embeddable":true,"href":"https:\/\/www.ncprotection.com\/index.php\/wp-json\/wp\/v2\/categories?post=41"},{"taxonomy":"post_tag","embeddable":true,"href":"https:\/\/www.ncprotection.com\/index.php\/wp-json\/wp\/v2\/tags?post=41"},{"taxonomy":"post_series","embeddable":true,"href":"https:\/\/www.ncprotection.com\/index.php\/wp-json\/wp\/v2\/post_series?post=41"}],"curies":[{"name":"wp","href":"https:\/\/api.w.org\/{rel}","templated":true}]}}